{"id":21683,"date":"2023-10-10T16:52:35","date_gmt":"2023-10-10T14:52:35","guid":{"rendered":"https:\/\/www.audi-art.fr\/?p=21683"},"modified":"2023-10-10T16:52:38","modified_gmt":"2023-10-10T14:52:38","slug":"la-brea-saison-2","status":"publish","type":"post","link":"https:\/\/www.audi-art.fr\/fr\/la-brea-saison-2\/","title":{"rendered":"LA BREA saison 2"},"content":{"rendered":"<section class=\"av_textblock_section \"  itemscope=\"itemscope\" itemtype=\"https:\/\/schema.org\/BlogPosting\" itemprop=\"blogPost\" ><div class='avia_textblock  '   itemprop=\"text\" ><p><img loading=\"lazy\" decoding=\"async\" class=\"alignnone wp-image-21685 size-medium\" src=\"https:\/\/www.audi-art.fr\/wp-content\/uploads\/2023\/10\/labrea2-300x169.jpg\" alt=\"\" width=\"300\" height=\"169\" srcset=\"https:\/\/www.audi-art.fr\/wp-content\/uploads\/2023\/10\/labrea2-300x169.jpg 300w, https:\/\/www.audi-art.fr\/wp-content\/uploads\/2023\/10\/labrea2-1030x579.jpg 1030w, https:\/\/www.audi-art.fr\/wp-content\/uploads\/2023\/10\/labrea2-768x432.jpg 768w, https:\/\/www.audi-art.fr\/wp-content\/uploads\/2023\/10\/labrea2-705x397.jpg 705w, https:\/\/www.audi-art.fr\/wp-content\/uploads\/2023\/10\/labrea2.jpg 1200w\" sizes=\"auto, (max-width: 300px) 100vw, 300px\" \/><\/p>\n<p style=\"font-weight: 400;\"><em>L&rsquo;aventure continue dans cette deuxi\u00e8me saison de\u00a0<\/em><strong>LA BREA.\u00a0<\/strong><em>Une aventure\u00a0\u00e9pique et temporelle\u00a0 commenc\u00e9e lorsqu&rsquo;un \u00e9norme gouffre s&rsquo;est ouvert \u00e0 Los Angeles, plongeant les gens dans un myst\u00e9rieux pays primitif o\u00f9 ils doivent s&rsquo;unir pour survivre.<\/em><\/p>\n<p style=\"font-weight: 400;\"><em>Cette saison, la famille Harris &#8211; Gavin (<strong>Eoin Macken<\/strong>) et Eve (<strong>Natalie Zea<\/strong>) et leurs enfants Izzy (<strong>Zyra Gorecki<\/strong>) et Josh (<strong>Jack Martin<\/strong>) &#8211; se retrouve toujours s\u00e9par\u00e9e dans des mondes parall\u00e8les. En 10 000 avant J\u00e9sus-Christ, Eve est d\u00e9termin\u00e9e \u00e0 trouver un moyen de retrouver Josh, qui a accidentellement travers\u00e9 un portail vers l&rsquo;ann\u00e9e 1988. Mais \u00e0 l&rsquo;insu d&rsquo;Eve, Gavin et Izzy sont pass\u00e9s du monde moderne \u00e0 la pr\u00e9histoire de Seattle et se lancent maintenant dans un dangereux voyage vers Los Angeles afin de r\u00e9unir leur famille&#8230;<\/em><\/p>\n<p style=\"font-weight: 400;\">\n<strong>LA BREA<\/strong><br \/>\nsaison 2 \/ 14 \u00e9pisodes<\/p>\n<p>Avec :\u00a0<strong>Natalie Zea<\/strong>\u00a0(Eve),\u00a0<strong>Eoin Macken<\/strong>\u00a0(Gavin)<br \/>\n<strong>Jon Seda<\/strong>\u00a0(Sam),\u00a0<strong>Nicholas Gonzalez<\/strong>\u00a0(Levi)&#8230;<\/p>\n<p><strong>D\u00c8S LE 24 OCTOBRE SUR TF1 ET MYTF1<\/strong><\/p>\n<\/div><\/section>\n<!-- AddThis Advanced Settings generic via filter on the_content --><!-- AddThis Share Buttons generic via filter on the_content -->","protected":false},"excerpt":{"rendered":"<p>L&rsquo;aventure continue dans cette deuxi\u00e8me saison de LA BREA.<!-- AddThis Advanced Settings generic via filter on get_the_excerpt --><!-- AddThis Share Buttons generic via filter on get_the_excerpt --><\/p>\n","protected":false},"author":11,"featured_media":21685,"comment_status":"closed","ping_status":"open","sticky":false,"template":"","format":"standard","meta":{"footnotes":""},"categories":[31],"tags":[],"class_list":["post-21683","post","type-post","status-publish","format-standard","has-post-thumbnail","hentry","category-news"],"yoast_head":"<!-- This site is optimized with the Yoast SEO plugin v25.1 - https:\/\/yoast.com\/wordpress\/plugins\/seo\/ -->\n<title>LA BREA saison 2 - Groupe Auditorium Artistique<\/title>\n<meta name=\"description\" content=\"L&#039;aventure continue dans cette deuxi\u00e8me saison de LA BREA. Une aventure \u00e9pique et temporelle commenc\u00e9e lorsqu&#039;un \u00e9norme gouffre s&#039;est ouvert \u00e0 Los Angeles, plongeant les gens dans un myst\u00e9rieux pays primitif o\u00f9 ils doivent s&#039;unir pour survivre.Cette saison, la famille Harris - Gavin (Eoin Macken) et Eve (Natalie Zea) et leurs enfants Izzy (Zyra Gorecki) et Josh (Jack Martin) - se retrouve toujours s\u00e9par\u00e9e dans des mondes parall\u00e8les. En 10 000 avant J\u00e9sus-Christ, Eve est d\u00e9termin\u00e9e \u00e0 trouver un moyen de retrouver Josh, qui a accidentellement travers\u00e9 un portail vers l&#039;ann\u00e9e 1988. Mais \u00e0 l&#039;insu d&#039;Eve, Gavin et Izzy sont pass\u00e9s du monde moderne \u00e0 la pr\u00e9histoire de Seattle et se lancent maintenant dans un dangereux voyage vers Los Angeles afin de r\u00e9unir leur famille... LA BREAsaison 2 \/ 14 \u00e9pisodesAvec : Natalie Zea (Eve), Eoin Macken (Gavin)Jon Seda (Sam), Nicholas Gonzalez (Levi)...D\u00c8S LE 24 OCTOBRE SUR TF1 ET MYTF1\" \/>\n<meta name=\"robots\" content=\"index, follow, max-snippet:-1, max-image-preview:large, max-video-preview:-1\" \/>\n<link rel=\"canonical\" href=\"https:\/\/www.audi-art.fr\/fr\/la-brea-saison-2\/\" \/>\n<meta property=\"og:locale\" content=\"fr_FR\" \/>\n<meta property=\"og:type\" content=\"article\" \/>\n<meta property=\"og:title\" content=\"LA BREA saison 2 - Groupe Auditorium Artistique\" \/>\n<meta property=\"og:description\" content=\"L&#039;aventure continue dans cette deuxi\u00e8me saison de LA BREA. Une aventure \u00e9pique et temporelle commenc\u00e9e lorsqu&#039;un \u00e9norme gouffre s&#039;est ouvert \u00e0 Los Angeles, plongeant les gens dans un myst\u00e9rieux pays primitif o\u00f9 ils doivent s&#039;unir pour survivre.Cette saison, la famille Harris - Gavin (Eoin Macken) et Eve (Natalie Zea) et leurs enfants Izzy (Zyra Gorecki) et Josh (Jack Martin) - se retrouve toujours s\u00e9par\u00e9e dans des mondes parall\u00e8les. En 10 000 avant J\u00e9sus-Christ, Eve est d\u00e9termin\u00e9e \u00e0 trouver un moyen de retrouver Josh, qui a accidentellement travers\u00e9 un portail vers l&#039;ann\u00e9e 1988. Mais \u00e0 l&#039;insu d&#039;Eve, Gavin et Izzy sont pass\u00e9s du monde moderne \u00e0 la pr\u00e9histoire de Seattle et se lancent maintenant dans un dangereux voyage vers Los Angeles afin de r\u00e9unir leur famille... LA BREAsaison 2 \/ 14 \u00e9pisodesAvec : Natalie Zea (Eve), Eoin Macken (Gavin)Jon Seda (Sam), Nicholas Gonzalez (Levi)...D\u00c8S LE 24 OCTOBRE SUR TF1 ET MYTF1\" \/>\n<meta property=\"og:url\" content=\"https:\/\/www.audi-art.fr\/fr\/la-brea-saison-2\/\" \/>\n<meta property=\"og:site_name\" content=\"Groupe Auditorium Artistique\" \/>\n<meta property=\"article:publisher\" content=\"https:\/\/www.facebook.com\/AudiArtDub\/\" \/>\n<meta property=\"article:published_time\" content=\"2023-10-10T14:52:35+00:00\" \/>\n<meta property=\"article:modified_time\" content=\"2023-10-10T14:52:38+00:00\" \/>\n<meta property=\"og:image\" content=\"https:\/\/www.audi-art.fr\/wp-content\/uploads\/2023\/04\/b30491310e40aebf1c38d7ebd891284c.webp\" \/>\n\t<meta property=\"og:image:width\" content=\"1280\" \/>\n\t<meta property=\"og:image:height\" content=\"720\" \/>\n\t<meta property=\"og:image:type\" content=\"image\/webp\" \/>\n<meta name=\"author\" content=\"Admin\" \/>\n<meta name=\"twitter:card\" content=\"summary_large_image\" \/>\n<meta name=\"twitter:image\" content=\"https:\/\/www.audi-art.fr\/wp-content\/uploads\/2023\/04\/b30491310e40aebf1c38d7ebd891284c.webp\" \/>\n<meta name=\"twitter:creator\" content=\"@_AudiArt\" \/>\n<meta name=\"twitter:site\" content=\"@_AudiArt\" \/>\n<meta name=\"twitter:label1\" content=\"\u00c9crit par\" \/>\n\t<meta name=\"twitter:data1\" content=\"Admin\" \/>\n\t<meta name=\"twitter:label2\" content=\"Dur\u00e9e de lecture estim\u00e9e\" \/>\n\t<meta name=\"twitter:data2\" content=\"2 minutes\" \/>\n<script type=\"application\/ld+json\" class=\"yoast-schema-graph\">{\"@context\":\"https:\/\/schema.org\",\"@graph\":[{\"@type\":\"WebPage\",\"@id\":\"https:\/\/www.audi-art.fr\/fr\/la-brea-saison-2\/\",\"url\":\"https:\/\/www.audi-art.fr\/fr\/la-brea-saison-2\/\",\"name\":\"LA BREA saison 2 - Groupe Auditorium Artistique\",\"isPartOf\":{\"@id\":\"https:\/\/www.audi-art.fr\/fr\/#website\"},\"primaryImageOfPage\":{\"@id\":\"https:\/\/www.audi-art.fr\/fr\/la-brea-saison-2\/#primaryimage\"},\"image\":{\"@id\":\"https:\/\/www.audi-art.fr\/fr\/la-brea-saison-2\/#primaryimage\"},\"thumbnailUrl\":\"https:\/\/www.audi-art.fr\/wp-content\/uploads\/2023\/10\/labrea2.jpg\",\"datePublished\":\"2023-10-10T14:52:35+00:00\",\"dateModified\":\"2023-10-10T14:52:38+00:00\",\"author\":{\"@id\":\"https:\/\/www.audi-art.fr\/fr\/#\/schema\/person\/53b9dc242d5ba307ad0280ea1ca89c50\"},\"description\":\"L'aventure continue dans cette deuxi\u00e8me saison de LA BREA. Une aventure \u00e9pique et temporelle commenc\u00e9e lorsqu'un \u00e9norme gouffre s'est ouvert \u00e0 Los Angeles, plongeant les gens dans un myst\u00e9rieux pays primitif o\u00f9 ils doivent s'unir pour survivre.Cette saison, la famille Harris - Gavin (Eoin Macken) et Eve (Natalie Zea) et leurs enfants Izzy (Zyra Gorecki) et Josh (Jack Martin) - se retrouve toujours s\u00e9par\u00e9e dans des mondes parall\u00e8les. En 10 000 avant J\u00e9sus-Christ, Eve est d\u00e9termin\u00e9e \u00e0 trouver un moyen de retrouver Josh, qui a accidentellement travers\u00e9 un portail vers l'ann\u00e9e 1988. Mais \u00e0 l'insu d'Eve, Gavin et Izzy sont pass\u00e9s du monde moderne \u00e0 la pr\u00e9histoire de Seattle et se lancent maintenant dans un dangereux voyage vers Los Angeles afin de r\u00e9unir leur famille... LA BREAsaison 2 \/ 14 \u00e9pisodesAvec : Natalie Zea (Eve), Eoin Macken (Gavin)Jon Seda (Sam), Nicholas Gonzalez (Levi)...D\u00c8S LE 24 OCTOBRE SUR TF1 ET MYTF1\",\"breadcrumb\":{\"@id\":\"https:\/\/www.audi-art.fr\/fr\/la-brea-saison-2\/#breadcrumb\"},\"inLanguage\":\"fr-FR\",\"potentialAction\":[{\"@type\":\"ReadAction\",\"target\":[\"https:\/\/www.audi-art.fr\/fr\/la-brea-saison-2\/\"]}]},{\"@type\":\"ImageObject\",\"inLanguage\":\"fr-FR\",\"@id\":\"https:\/\/www.audi-art.fr\/fr\/la-brea-saison-2\/#primaryimage\",\"url\":\"https:\/\/www.audi-art.fr\/wp-content\/uploads\/2023\/10\/labrea2.jpg\",\"contentUrl\":\"https:\/\/www.audi-art.fr\/wp-content\/uploads\/2023\/10\/labrea2.jpg\",\"width\":1200,\"height\":675},{\"@type\":\"BreadcrumbList\",\"@id\":\"https:\/\/www.audi-art.fr\/fr\/la-brea-saison-2\/#breadcrumb\",\"itemListElement\":[{\"@type\":\"ListItem\",\"position\":1,\"name\":\"Accueil\",\"item\":\"https:\/\/www.audi-art.fr\/fr\/accueil\/\"},{\"@type\":\"ListItem\",\"position\":2,\"name\":\"LA BREA saison 2\"}]},{\"@type\":\"WebSite\",\"@id\":\"https:\/\/www.audi-art.fr\/fr\/#website\",\"url\":\"https:\/\/www.audi-art.fr\/fr\/\",\"name\":\"Groupe Auditorium Artistique\",\"description\":\"\",\"potentialAction\":[{\"@type\":\"SearchAction\",\"target\":{\"@type\":\"EntryPoint\",\"urlTemplate\":\"https:\/\/www.audi-art.fr\/fr\/?s={search_term_string}\"},\"query-input\":{\"@type\":\"PropertyValueSpecification\",\"valueRequired\":true,\"valueName\":\"search_term_string\"}}],\"inLanguage\":\"fr-FR\"},{\"@type\":\"Person\",\"@id\":\"https:\/\/www.audi-art.fr\/fr\/#\/schema\/person\/53b9dc242d5ba307ad0280ea1ca89c50\",\"name\":\"Admin\",\"image\":{\"@type\":\"ImageObject\",\"inLanguage\":\"fr-FR\",\"@id\":\"https:\/\/www.audi-art.fr\/fr\/#\/schema\/person\/image\/\",\"url\":\"https:\/\/secure.gravatar.com\/avatar\/2dfb143d2a4cf86f24c8856af427c593a92cd7f323db89905e74522c3dcbaf6c?s=96&d=mm&r=g\",\"contentUrl\":\"https:\/\/secure.gravatar.com\/avatar\/2dfb143d2a4cf86f24c8856af427c593a92cd7f323db89905e74522c3dcbaf6c?s=96&d=mm&r=g\",\"caption\":\"Admin\"}}]}<\/script>\n<!-- \/ Yoast SEO plugin. -->","yoast_head_json":{"title":"LA BREA saison 2 - Groupe Auditorium Artistique","description":"L'aventure continue dans cette deuxi\u00e8me saison de LA BREA. Une aventure \u00e9pique et temporelle commenc\u00e9e lorsqu'un \u00e9norme gouffre s'est ouvert \u00e0 Los Angeles, plongeant les gens dans un myst\u00e9rieux pays primitif o\u00f9 ils doivent s'unir pour survivre.Cette saison, la famille Harris - Gavin (Eoin Macken) et Eve (Natalie Zea) et leurs enfants Izzy (Zyra Gorecki) et Josh (Jack Martin) - se retrouve toujours s\u00e9par\u00e9e dans des mondes parall\u00e8les. En 10 000 avant J\u00e9sus-Christ, Eve est d\u00e9termin\u00e9e \u00e0 trouver un moyen de retrouver Josh, qui a accidentellement travers\u00e9 un portail vers l'ann\u00e9e 1988. Mais \u00e0 l'insu d'Eve, Gavin et Izzy sont pass\u00e9s du monde moderne \u00e0 la pr\u00e9histoire de Seattle et se lancent maintenant dans un dangereux voyage vers Los Angeles afin de r\u00e9unir leur famille... LA BREAsaison 2 \/ 14 \u00e9pisodesAvec : Natalie Zea (Eve), Eoin Macken (Gavin)Jon Seda (Sam), Nicholas Gonzalez (Levi)...D\u00c8S LE 24 OCTOBRE SUR TF1 ET MYTF1","robots":{"index":"index","follow":"follow","max-snippet":"max-snippet:-1","max-image-preview":"max-image-preview:large","max-video-preview":"max-video-preview:-1"},"canonical":"https:\/\/www.audi-art.fr\/fr\/la-brea-saison-2\/","og_locale":"fr_FR","og_type":"article","og_title":"LA BREA saison 2 - Groupe Auditorium Artistique","og_description":"L'aventure continue dans cette deuxi\u00e8me saison de LA BREA. Une aventure \u00e9pique et temporelle commenc\u00e9e lorsqu'un \u00e9norme gouffre s'est ouvert \u00e0 Los Angeles, plongeant les gens dans un myst\u00e9rieux pays primitif o\u00f9 ils doivent s'unir pour survivre.Cette saison, la famille Harris - Gavin (Eoin Macken) et Eve (Natalie Zea) et leurs enfants Izzy (Zyra Gorecki) et Josh (Jack Martin) - se retrouve toujours s\u00e9par\u00e9e dans des mondes parall\u00e8les. En 10 000 avant J\u00e9sus-Christ, Eve est d\u00e9termin\u00e9e \u00e0 trouver un moyen de retrouver Josh, qui a accidentellement travers\u00e9 un portail vers l'ann\u00e9e 1988. Mais \u00e0 l'insu d'Eve, Gavin et Izzy sont pass\u00e9s du monde moderne \u00e0 la pr\u00e9histoire de Seattle et se lancent maintenant dans un dangereux voyage vers Los Angeles afin de r\u00e9unir leur famille... LA BREAsaison 2 \/ 14 \u00e9pisodesAvec : Natalie Zea (Eve), Eoin Macken (Gavin)Jon Seda (Sam), Nicholas Gonzalez (Levi)...D\u00c8S LE 24 OCTOBRE SUR TF1 ET MYTF1","og_url":"https:\/\/www.audi-art.fr\/fr\/la-brea-saison-2\/","og_site_name":"Groupe Auditorium Artistique","article_publisher":"https:\/\/www.facebook.com\/AudiArtDub\/","article_published_time":"2023-10-10T14:52:35+00:00","article_modified_time":"2023-10-10T14:52:38+00:00","og_image":[{"width":1280,"height":720,"url":"https:\/\/www.audi-art.fr\/wp-content\/uploads\/2023\/04\/b30491310e40aebf1c38d7ebd891284c.webp","type":"image\/webp"}],"author":"Admin","twitter_card":"summary_large_image","twitter_image":"https:\/\/www.audi-art.fr\/wp-content\/uploads\/2023\/04\/b30491310e40aebf1c38d7ebd891284c.webp","twitter_creator":"@_AudiArt","twitter_site":"@_AudiArt","twitter_misc":{"\u00c9crit par":"Admin","Dur\u00e9e de lecture estim\u00e9e":"2 minutes"},"schema":{"@context":"https:\/\/schema.org","@graph":[{"@type":"WebPage","@id":"https:\/\/www.audi-art.fr\/fr\/la-brea-saison-2\/","url":"https:\/\/www.audi-art.fr\/fr\/la-brea-saison-2\/","name":"LA BREA saison 2 - Groupe Auditorium Artistique","isPartOf":{"@id":"https:\/\/www.audi-art.fr\/fr\/#website"},"primaryImageOfPage":{"@id":"https:\/\/www.audi-art.fr\/fr\/la-brea-saison-2\/#primaryimage"},"image":{"@id":"https:\/\/www.audi-art.fr\/fr\/la-brea-saison-2\/#primaryimage"},"thumbnailUrl":"https:\/\/www.audi-art.fr\/wp-content\/uploads\/2023\/10\/labrea2.jpg","datePublished":"2023-10-10T14:52:35+00:00","dateModified":"2023-10-10T14:52:38+00:00","author":{"@id":"https:\/\/www.audi-art.fr\/fr\/#\/schema\/person\/53b9dc242d5ba307ad0280ea1ca89c50"},"description":"L'aventure continue dans cette deuxi\u00e8me saison de LA BREA. Une aventure \u00e9pique et temporelle commenc\u00e9e lorsqu'un \u00e9norme gouffre s'est ouvert \u00e0 Los Angeles, plongeant les gens dans un myst\u00e9rieux pays primitif o\u00f9 ils doivent s'unir pour survivre.Cette saison, la famille Harris - Gavin (Eoin Macken) et Eve (Natalie Zea) et leurs enfants Izzy (Zyra Gorecki) et Josh (Jack Martin) - se retrouve toujours s\u00e9par\u00e9e dans des mondes parall\u00e8les. En 10 000 avant J\u00e9sus-Christ, Eve est d\u00e9termin\u00e9e \u00e0 trouver un moyen de retrouver Josh, qui a accidentellement travers\u00e9 un portail vers l'ann\u00e9e 1988. Mais \u00e0 l'insu d'Eve, Gavin et Izzy sont pass\u00e9s du monde moderne \u00e0 la pr\u00e9histoire de Seattle et se lancent maintenant dans un dangereux voyage vers Los Angeles afin de r\u00e9unir leur famille... LA BREAsaison 2 \/ 14 \u00e9pisodesAvec : Natalie Zea (Eve), Eoin Macken (Gavin)Jon Seda (Sam), Nicholas Gonzalez (Levi)...D\u00c8S LE 24 OCTOBRE SUR TF1 ET MYTF1","breadcrumb":{"@id":"https:\/\/www.audi-art.fr\/fr\/la-brea-saison-2\/#breadcrumb"},"inLanguage":"fr-FR","potentialAction":[{"@type":"ReadAction","target":["https:\/\/www.audi-art.fr\/fr\/la-brea-saison-2\/"]}]},{"@type":"ImageObject","inLanguage":"fr-FR","@id":"https:\/\/www.audi-art.fr\/fr\/la-brea-saison-2\/#primaryimage","url":"https:\/\/www.audi-art.fr\/wp-content\/uploads\/2023\/10\/labrea2.jpg","contentUrl":"https:\/\/www.audi-art.fr\/wp-content\/uploads\/2023\/10\/labrea2.jpg","width":1200,"height":675},{"@type":"BreadcrumbList","@id":"https:\/\/www.audi-art.fr\/fr\/la-brea-saison-2\/#breadcrumb","itemListElement":[{"@type":"ListItem","position":1,"name":"Accueil","item":"https:\/\/www.audi-art.fr\/fr\/accueil\/"},{"@type":"ListItem","position":2,"name":"LA BREA saison 2"}]},{"@type":"WebSite","@id":"https:\/\/www.audi-art.fr\/fr\/#website","url":"https:\/\/www.audi-art.fr\/fr\/","name":"Groupe Auditorium Artistique","description":"","potentialAction":[{"@type":"SearchAction","target":{"@type":"EntryPoint","urlTemplate":"https:\/\/www.audi-art.fr\/fr\/?s={search_term_string}"},"query-input":{"@type":"PropertyValueSpecification","valueRequired":true,"valueName":"search_term_string"}}],"inLanguage":"fr-FR"},{"@type":"Person","@id":"https:\/\/www.audi-art.fr\/fr\/#\/schema\/person\/53b9dc242d5ba307ad0280ea1ca89c50","name":"Admin","image":{"@type":"ImageObject","inLanguage":"fr-FR","@id":"https:\/\/www.audi-art.fr\/fr\/#\/schema\/person\/image\/","url":"https:\/\/secure.gravatar.com\/avatar\/2dfb143d2a4cf86f24c8856af427c593a92cd7f323db89905e74522c3dcbaf6c?s=96&d=mm&r=g","contentUrl":"https:\/\/secure.gravatar.com\/avatar\/2dfb143d2a4cf86f24c8856af427c593a92cd7f323db89905e74522c3dcbaf6c?s=96&d=mm&r=g","caption":"Admin"}}]}},"_links":{"self":[{"href":"https:\/\/www.audi-art.fr\/fr\/wp-json\/wp\/v2\/posts\/21683","targetHints":{"allow":["GET"]}}],"collection":[{"href":"https:\/\/www.audi-art.fr\/fr\/wp-json\/wp\/v2\/posts"}],"about":[{"href":"https:\/\/www.audi-art.fr\/fr\/wp-json\/wp\/v2\/types\/post"}],"author":[{"embeddable":true,"href":"https:\/\/www.audi-art.fr\/fr\/wp-json\/wp\/v2\/users\/11"}],"replies":[{"embeddable":true,"href":"https:\/\/www.audi-art.fr\/fr\/wp-json\/wp\/v2\/comments?post=21683"}],"version-history":[{"count":2,"href":"https:\/\/www.audi-art.fr\/fr\/wp-json\/wp\/v2\/posts\/21683\/revisions"}],"predecessor-version":[{"id":21687,"href":"https:\/\/www.audi-art.fr\/fr\/wp-json\/wp\/v2\/posts\/21683\/revisions\/21687"}],"wp:featuredmedia":[{"embeddable":true,"href":"https:\/\/www.audi-art.fr\/fr\/wp-json\/wp\/v2\/media\/21685"}],"wp:attachment":[{"href":"https:\/\/www.audi-art.fr\/fr\/wp-json\/wp\/v2\/media?parent=21683"}],"wp:term":[{"taxonomy":"category","embeddable":true,"href":"https:\/\/www.audi-art.fr\/fr\/wp-json\/wp\/v2\/categories?post=21683"},{"taxonomy":"post_tag","embeddable":true,"href":"https:\/\/www.audi-art.fr\/fr\/wp-json\/wp\/v2\/tags?post=21683"}],"curies":[{"name":"wp","href":"https:\/\/api.w.org\/{rel}","templated":true}]}}